{"id":1285,"date":"2019-02-01T12:53:10","date_gmt":"2019-02-01T12:53:10","guid":{"rendered":"http:\/\/larock.com.es\/site\/?p=1285"},"modified":"2022-01-05T21:45:44","modified_gmt":"2022-01-05T21:45:44","slug":"el-kanka-cuelga-el-cartel-de-entradas-agotadas","status":"publish","type":"post","link":"https:\/\/larock.com.es\/site\/2019\/02\/01\/el-kanka-cuelga-el-cartel-de-entradas-agotadas\/","title":{"rendered":"EL KANKA CUELGA EL CARTEL DE ENTRADAS AGOTADAS"},"content":{"rendered":"<p style=\"text-align: justify;\"><strong>Tras una inmensa gira de casi 100 conciertos durante el pasado a\u00f1o e inmerso en un nuevo tour por latino\u00e1merica, El Kanka agotada todas las entradas en Granada.<\/strong><\/p>\n<p style=\"text-align: justify;\">2000 afortunados disfrutar\u00e1n de una de las \u00faltimas fechas de la gira <em>El Arte de Saltar<\/em> en el Palacio de Congresos de Granada.<\/p>\n<p style=\"text-align: justify;\">\u00a1Enhorabuena, Kanka!<\/p>\n<p><img loading=\"lazy\" decoding=\"async\" class=\"aligncenter wp-image-1178 size-large\" src=\"http:\/\/larock.com.es\/site\/wp-content\/uploads\/2019\/01\/fbanuncio-1024x536.png\" alt=\"\" width=\"960\" height=\"503\" srcset=\"https:\/\/larock.com.es\/site\/wp-content\/uploads\/2019\/01\/fbanuncio-1024x536.png 1024w, https:\/\/larock.com.es\/site\/wp-content\/uploads\/2019\/01\/fbanuncio-300x157.png 300w, https:\/\/larock.com.es\/site\/wp-content\/uploads\/2019\/01\/fbanuncio-768x402.png 768w, https:\/\/larock.com.es\/site\/wp-content\/uploads\/2019\/01\/fbanuncio-1140x597.png 1140w, https:\/\/larock.com.es\/site\/wp-content\/uploads\/2019\/01\/fbanuncio.png 1200w\" sizes=\"auto, (max-width: 960px) 100vw, 960px\" \/><\/p>\n","protected":false},"excerpt":{"rendered":"<p>Tras una inmensa gira de casi 100 conciertos durante el pasado a\u00f1o e inmerso en un nuevo tour por latino\u00e1merica, El Kanka agotada todas las entradas en Granada. 2000 afortunados disfrutar\u00e1n de una de las \u00faltimas fechas de la gira El Arte de Saltar en el Palacio de Congresos de Granada. \u00a1Enhorabuena, Kanka!<\/p>\n","protected":false},"author":2,"featured_media":3314,"comment_status":"open","ping_status":"open","sticky":false,"template":"","format":"standard","meta":{"footnotes":""},"categories":[24,27],"tags":[53,51,43,42,54,52],"class_list":["post-1285","post","type-post","status-publish","format-standard","has-post-thumbnail","hentry","category-conciertos1","category-noticias","tag-el-arte-de-saltar","tag-el-kanka","tag-l-a-rock","tag-l-a-rock-entertainment","tag-palacio-de-congresos","tag-sold-out"],"_links":{"self":[{"href":"https:\/\/larock.com.es\/site\/wp-json\/wp\/v2\/posts\/1285","targetHints":{"allow":["GET"]}}],"collection":[{"href":"https:\/\/larock.com.es\/site\/wp-json\/wp\/v2\/posts"}],"about":[{"href":"https:\/\/larock.com.es\/site\/wp-json\/wp\/v2\/types\/post"}],"author":[{"embeddable":true,"href":"https:\/\/larock.com.es\/site\/wp-json\/wp\/v2\/users\/2"}],"replies":[{"embeddable":true,"href":"https:\/\/larock.com.es\/site\/wp-json\/wp\/v2\/comments?post=1285"}],"version-history":[{"count":4,"href":"https:\/\/larock.com.es\/site\/wp-json\/wp\/v2\/posts\/1285\/revisions"}],"predecessor-version":[{"id":3317,"href":"https:\/\/larock.com.es\/site\/wp-json\/wp\/v2\/posts\/1285\/revisions\/3317"}],"wp:featuredmedia":[{"embeddable":true,"href":"https:\/\/larock.com.es\/site\/wp-json\/wp\/v2\/media\/3314"}],"wp:attachment":[{"href":"https:\/\/larock.com.es\/site\/wp-json\/wp\/v2\/media?parent=1285"}],"wp:term":[{"taxonomy":"category","embeddable":true,"href":"https:\/\/larock.com.es\/site\/wp-json\/wp\/v2\/categories?post=1285"},{"taxonomy":"post_tag","embeddable":true,"href":"https:\/\/larock.com.es\/site\/wp-json\/wp\/v2\/tags?post=1285"}],"curies":[{"name":"wp","href":"https:\/\/api.w.org\/{rel}","templated":true}]}}