{"id":1230,"date":"2019-01-03T15:38:13","date_gmt":"2019-01-03T15:38:13","guid":{"rendered":"http:\/\/larock.com.es\/site\/?p=1230"},"modified":"2022-01-05T22:07:08","modified_gmt":"2022-01-05T22:07:08","slug":"cantajuego-en-concierto-2019-2020-superexitos","status":"publish","type":"post","link":"https:\/\/larock.com.es\/site\/2019\/01\/03\/cantajuego-en-concierto-2019-2020-superexitos\/","title":{"rendered":"CANTAJUEGO EN CONCIERTO 2019 \/ 2020 &#8211; SUPER\u00c9XITOS"},"content":{"rendered":"<p style=\"text-align: justify;\">CANTAJUEGO EN CONCIERTO, presenta su nuevo espect\u00e1culo:<\/p>\n<p style=\"text-align: justify;\">&nbsp;\u201cSuper\u00c9xitos \u2013 TOUR 2019 &#8211; 2020\u201c<\/p>\n<p style=\"text-align: justify;\">CantaJuego cumple 15 a\u00f1os y lo celebra por todo lo alto con un nuevo producto y una gira que despliega lo mejor de su extenso repertorio.<\/p>\n<p style=\"text-align: justify;\">\u201cSuper\u00c9xitos\u201d, al igual que el nuevo trabajo \u201clibro + dvd + cd\u201d, es un espect\u00e1culo en donde el grupo EnCanto reafirma los valores de su proyecto: la colaboraci\u00f3n, el trabajo en equipo, la empat\u00eda, pero sobre todo la importancia del respeto a los dem\u00e1s, que siguen siendo los temas centrales de un show para toda la familia, por supuesto,&nbsp; utilizando la m\u00fasica y el movimiento como herramientas para la estimulaci\u00f3n y el entretenimiento.<\/p>\n<p style=\"text-align: justify;\">Acompa\u00f1an en esta aventura los infaltables Coco, Pepe y Buby, adem\u00e1s de los m\u00faltiples personajes que aportan color y calidez al show, para hacer las delicias de peque\u00f1os y mayores.<\/p>\n<p style=\"text-align: justify;\">La propuesta:&nbsp; cantar, bailar y disfrutar en familia, un viaje a trav\u00e9s de los hits que ya son parte del cancionero inolvidable, que es legado de \u201clos CantaJuegos\u201d.<\/p>\n<p style=\"text-align: justify;\">\u201cCantaJuego En Concierto &#8211; \u201cSUPER\u00c9XITOS \u2013 TOUR 2019\u201d<\/p>\n<p>&nbsp;<\/p>\n<p><a href=\"http:\/\/www.cantajuego.com\/conciertos\/\">\u00a1Entradas ya a la venta!<\/a><\/p>\n<p>&nbsp;<\/p>\n","protected":false},"excerpt":{"rendered":"<p>CANTAJUEGO EN CONCIERTO, presenta su nuevo espect\u00e1culo: &nbsp;\u201cSuper\u00c9xitos \u2013 TOUR 2019 &#8211; 2020\u201c CantaJuego cumple 15 a\u00f1os y lo celebra por todo lo alto con un nuevo producto y una gira que despliega lo mejor de su extenso repertorio. \u201cSuper\u00c9xitos\u201d, al igual que el nuevo trabajo \u201clibro + dvd + cd\u201d, es un espect\u00e1culo en [&hellip;]<\/p>\n","protected":false},"author":2,"featured_media":3322,"comment_status":"open","ping_status":"open","sticky":false,"template":"","format":"standard","meta":{"footnotes":""},"categories":[26,27],"tags":[],"class_list":["post-1230","post","type-post","status-publish","format-standard","has-post-thumbnail","hentry","category-espectaculos","category-noticias"],"_links":{"self":[{"href":"https:\/\/larock.com.es\/site\/wp-json\/wp\/v2\/posts\/1230","targetHints":{"allow":["GET"]}}],"collection":[{"href":"https:\/\/larock.com.es\/site\/wp-json\/wp\/v2\/posts"}],"about":[{"href":"https:\/\/larock.com.es\/site\/wp-json\/wp\/v2\/types\/post"}],"author":[{"embeddable":true,"href":"https:\/\/larock.com.es\/site\/wp-json\/wp\/v2\/users\/2"}],"replies":[{"embeddable":true,"href":"https:\/\/larock.com.es\/site\/wp-json\/wp\/v2\/comments?post=1230"}],"version-history":[{"count":5,"href":"https:\/\/larock.com.es\/site\/wp-json\/wp\/v2\/posts\/1230\/revisions"}],"predecessor-version":[{"id":3327,"href":"https:\/\/larock.com.es\/site\/wp-json\/wp\/v2\/posts\/1230\/revisions\/3327"}],"wp:featuredmedia":[{"embeddable":true,"href":"https:\/\/larock.com.es\/site\/wp-json\/wp\/v2\/media\/3322"}],"wp:attachment":[{"href":"https:\/\/larock.com.es\/site\/wp-json\/wp\/v2\/media?parent=1230"}],"wp:term":[{"taxonomy":"category","embeddable":true,"href":"https:\/\/larock.com.es\/site\/wp-json\/wp\/v2\/categories?post=1230"},{"taxonomy":"post_tag","embeddable":true,"href":"https:\/\/larock.com.es\/site\/wp-json\/wp\/v2\/tags?post=1230"}],"curies":[{"name":"wp","href":"https:\/\/api.w.org\/{rel}","templated":true}]}}