{"id":1206,"date":"2019-01-03T13:34:53","date_gmt":"2019-01-03T13:34:53","guid":{"rendered":"http:\/\/larock.com.es\/site\/?p=1206"},"modified":"2022-01-05T22:07:30","modified_gmt":"2022-01-05T22:07:30","slug":"izal-joana-serrat-y-we-are-not-djs-en-marenostrum-music-castle-park-de-fuengirola","status":"publish","type":"post","link":"https:\/\/larock.com.es\/site\/2019\/01\/03\/izal-joana-serrat-y-we-are-not-djs-en-marenostrum-music-castle-park-de-fuengirola\/","title":{"rendered":"IZAL, JOANA SERRAT Y WE ARE NOT DJS EN MARENOSTRUM MUSIC CASTLE PARK DE FUENGIROLA"},"content":{"rendered":"<p>Hace unas semanas<strong> Izal<\/strong> confirmaba su participaci\u00f3n en el <strong>Marenostrum Music Castle Park<\/strong> de Fuengirola, ser\u00e1 el pr\u00f3ximo 3 de Agosto y le acompa\u00f1ar\u00e1 abriendo el show <strong>Joana Serrat<\/strong>, la cantautora sigue cosechando innumerables \u00e9xitos con Dripping Springs y su incorporaci\u00f3n al cartel tambi\u00e9n viene acompa\u00f1ada de <strong>We Are Not Dj<\/strong>s en un fin de fiesta para una noche m\u00e1gica en el incre\u00edble recinto del Marenostrum.<\/p>\n<p>Las entradas ya est\u00e1n a la venta en <strong><a href=\"http:\/\/www.marenostrumcastlepark.es\">www.marenostrumcastlepark.es<\/a><\/strong><\/p>\n<p>&nbsp;<\/p>\n<p><img loading=\"lazy\" decoding=\"async\" class=\"aligncenter wp-image-1207 size-large\" src=\"http:\/\/larock.com.es\/site\/wp-content\/uploads\/2019\/01\/MARENOSTRUM-CARTEL-IZAL-Conchi_baja-731x1024.jpg\" alt=\"\" width=\"731\" height=\"1024\" srcset=\"https:\/\/larock.com.es\/site\/wp-content\/uploads\/2019\/01\/MARENOSTRUM-CARTEL-IZAL-Conchi_baja-731x1024.jpg 731w, https:\/\/larock.com.es\/site\/wp-content\/uploads\/2019\/01\/MARENOSTRUM-CARTEL-IZAL-Conchi_baja-214x300.jpg 214w, https:\/\/larock.com.es\/site\/wp-content\/uploads\/2019\/01\/MARENOSTRUM-CARTEL-IZAL-Conchi_baja-768x1076.jpg 768w, https:\/\/larock.com.es\/site\/wp-content\/uploads\/2019\/01\/MARENOSTRUM-CARTEL-IZAL-Conchi_baja.jpg 914w\" sizes=\"auto, (max-width: 731px) 100vw, 731px\" \/><\/p>\n","protected":false},"excerpt":{"rendered":"<p>Hace unas semanas Izal confirmaba su participaci\u00f3n en el Marenostrum Music Castle Park de Fuengirola, ser\u00e1 el pr\u00f3ximo 3 de Agosto y le acompa\u00f1ar\u00e1 abriendo el show Joana Serrat, la cantautora sigue cosechando innumerables \u00e9xitos con Dripping Springs y su incorporaci\u00f3n al cartel tambi\u00e9n viene acompa\u00f1ada de We Are Not Djs en un fin de [&hellip;]<\/p>\n","protected":false},"author":2,"featured_media":3323,"comment_status":"open","ping_status":"open","sticky":false,"template":"","format":"standard","meta":{"footnotes":""},"categories":[24,27],"tags":[60,61,43,42,36,37,62],"class_list":["post-1206","post","type-post","status-publish","format-standard","has-post-thumbnail","hentry","category-conciertos1","category-noticias","tag-izal","tag-joana-serrat","tag-l-a-rock","tag-l-a-rock-entertainment","tag-marenostrum","tag-marenostrum-fuengirola","tag-we-are-not-djs"],"_links":{"self":[{"href":"https:\/\/larock.com.es\/site\/wp-json\/wp\/v2\/posts\/1206","targetHints":{"allow":["GET"]}}],"collection":[{"href":"https:\/\/larock.com.es\/site\/wp-json\/wp\/v2\/posts"}],"about":[{"href":"https:\/\/larock.com.es\/site\/wp-json\/wp\/v2\/types\/post"}],"author":[{"embeddable":true,"href":"https:\/\/larock.com.es\/site\/wp-json\/wp\/v2\/users\/2"}],"replies":[{"embeddable":true,"href":"https:\/\/larock.com.es\/site\/wp-json\/wp\/v2\/comments?post=1206"}],"version-history":[{"count":4,"href":"https:\/\/larock.com.es\/site\/wp-json\/wp\/v2\/posts\/1206\/revisions"}],"predecessor-version":[{"id":3330,"href":"https:\/\/larock.com.es\/site\/wp-json\/wp\/v2\/posts\/1206\/revisions\/3330"}],"wp:featuredmedia":[{"embeddable":true,"href":"https:\/\/larock.com.es\/site\/wp-json\/wp\/v2\/media\/3323"}],"wp:attachment":[{"href":"https:\/\/larock.com.es\/site\/wp-json\/wp\/v2\/media?parent=1206"}],"wp:term":[{"taxonomy":"category","embeddable":true,"href":"https:\/\/larock.com.es\/site\/wp-json\/wp\/v2\/categories?post=1206"},{"taxonomy":"post_tag","embeddable":true,"href":"https:\/\/larock.com.es\/site\/wp-json\/wp\/v2\/tags?post=1206"}],"curies":[{"name":"wp","href":"https:\/\/api.w.org\/{rel}","templated":true}]}}