{"id":1183,"date":"2019-01-03T11:21:38","date_gmt":"2019-01-03T11:21:38","guid":{"rendered":"http:\/\/larock.com.es\/site\/?p=1183"},"modified":"2022-01-05T21:45:23","modified_gmt":"2022-01-05T21:45:23","slug":"el-kanka-ultimas-fechas-de-la-gira-el-arte-de-saltar","status":"publish","type":"post","link":"https:\/\/larock.com.es\/site\/2019\/01\/03\/el-kanka-ultimas-fechas-de-la-gira-el-arte-de-saltar\/","title":{"rendered":"EL KANKA: \u00daLTIMAS FECHAS DE LA GIRA \u00abEL ARTE DE SALTAR\u00bb"},"content":{"rendered":"<p style=\"text-align: justify;\">Tras m\u00e1s de 80 conciertos durante 2018, la gira de <strong>El Kanka<\/strong> est\u00e1 llegando a su fin. Nosotros tenemos el placer de compartir la fecha de Granada el pr\u00f3ximo 22 de Febrero y estamos a punto de anunciar un nuevo \u00abSold Out\u00bb.<\/p>\n<p style=\"text-align: justify;\">\u00a1No te quedes sin tu <a href=\"https:\/\/www.redentradas.com\/?entradas=el-kanka-el-arte-de-saltar&amp;provincia=granada&amp;cpro=18&amp;eid=1502\">entrada<\/a>!<\/p>\n<p style=\"text-align: justify;\">El arte de saltar es el cuarto trabajo discogr\u00e1fico de Juan G\u00f3mez Canca, m\u00e1s conocido como El Kanka que vio la luz el pasado 23 de Febrero entrando directo en el n\u00famero 1 de iTunes y el 6 en las listas de discos m\u00e1s vendidos de Espa\u00f1a. El malague\u00f1o ha vuelto a confiar en Carlos Manzanares como productor de este \u00e1lbum que se ha grabado \u00edntegramente en Barcelona en el Tercero Estudios. En propias palabras del artista \u00abSer\u00e1 un disco de canciones sin artificios. Con un punto de maldad que no tienen los otros, y con toques de folklore sudamericano\u00bb. El arte de saltar est\u00e1 compuesto por 11 temas in\u00e9ditos, y en esta ocasi\u00f3n El Kanka ha contado con dos colaboraciones muy especiales que son Jorge Drexler en el tema \u00abPor tu olor\u00bb y Ares y la Comparsa de Mart\u00ednez Ares, una de las comparsas m\u00e1s relevantes del Carnaval de C\u00e1diz, en el tema \u00abDesde Lejos\u00bb.<\/p>\n<p style=\"text-align: justify;\">\nEl Kanka se ha convertido en uno de los imprescindibles en las citas de los festivales veraniegos de este pa\u00eds, algo casi inimaginable hace unos a\u00f1os para un cantautor que ha forjado su carrera desde la absoluta independencia y con la absoluta fidelidad de sus seguidores que cada vez son m\u00e1s numerosos.<\/p>\n<p style=\"text-align: justify;\">\n\u00abLo mal que estoy y lo poco que me quejo\u00bb (2013) fue su carta de presentaci\u00f3n, un disco del que todav\u00eda siguen siendo actuales hits como \u00abCanela en rama\u00bb o \u00abQue bello es vivir\u00bb. Despu\u00e9s vendr\u00eda El d\u00eda de suerte de Juan G\u00f3mez (2014) y sus temas \u00abVolar\u00bb (con Zenet), \u00abA dieta de dietas\u00bb y \u00abVengas cuando vengas\u00bb (con Carmen Boza). Y por fin el m\u00e1ximo reconocimiento del p\u00fablico lleg\u00f3 con su \u00faltimo trabajo De Pana y Rub\u00ed (2015) del que se han extra\u00eddo los temas \u00abQuerr\u00eda\u00bb (del que recientemente Pasi\u00f3n Vega ha hecho una versi\u00f3n, \u00abMe Gusta\u00bb y \u00abPudo pasar\u00bb; y con el single dedicado a su tierra, \u00abAndaluc\u00eda\u00bb.<\/p>\n","protected":false},"excerpt":{"rendered":"<p>Tras m\u00e1s de 80 conciertos durante 2018, la gira de El Kanka est\u00e1 llegando a su fin. Nosotros tenemos el placer de compartir la fecha de Granada el pr\u00f3ximo 22 de Febrero y estamos a punto de anunciar un nuevo \u00abSold Out\u00bb. \u00a1No te quedes sin tu entrada! El arte de saltar es el cuarto [&hellip;]<\/p>\n","protected":false},"author":2,"featured_media":3314,"comment_status":"open","ping_status":"open","sticky":false,"template":"","format":"standard","meta":{"footnotes":""},"categories":[24,27],"tags":[53,51,43,42],"class_list":["post-1183","post","type-post","status-publish","format-standard","has-post-thumbnail","hentry","category-conciertos1","category-noticias","tag-el-arte-de-saltar","tag-el-kanka","tag-l-a-rock","tag-l-a-rock-entertainment"],"_links":{"self":[{"href":"https:\/\/larock.com.es\/site\/wp-json\/wp\/v2\/posts\/1183","targetHints":{"allow":["GET"]}}],"collection":[{"href":"https:\/\/larock.com.es\/site\/wp-json\/wp\/v2\/posts"}],"about":[{"href":"https:\/\/larock.com.es\/site\/wp-json\/wp\/v2\/types\/post"}],"author":[{"embeddable":true,"href":"https:\/\/larock.com.es\/site\/wp-json\/wp\/v2\/users\/2"}],"replies":[{"embeddable":true,"href":"https:\/\/larock.com.es\/site\/wp-json\/wp\/v2\/comments?post=1183"}],"version-history":[{"count":3,"href":"https:\/\/larock.com.es\/site\/wp-json\/wp\/v2\/posts\/1183\/revisions"}],"predecessor-version":[{"id":3315,"href":"https:\/\/larock.com.es\/site\/wp-json\/wp\/v2\/posts\/1183\/revisions\/3315"}],"wp:featuredmedia":[{"embeddable":true,"href":"https:\/\/larock.com.es\/site\/wp-json\/wp\/v2\/media\/3314"}],"wp:attachment":[{"href":"https:\/\/larock.com.es\/site\/wp-json\/wp\/v2\/media?parent=1183"}],"wp:term":[{"taxonomy":"category","embeddable":true,"href":"https:\/\/larock.com.es\/site\/wp-json\/wp\/v2\/categories?post=1183"},{"taxonomy":"post_tag","embeddable":true,"href":"https:\/\/larock.com.es\/site\/wp-json\/wp\/v2\/tags?post=1183"}],"curies":[{"name":"wp","href":"https:\/\/api.w.org\/{rel}","templated":true}]}}