{"id":1106,"date":"2018-11-15T17:45:42","date_gmt":"2018-11-15T17:45:42","guid":{"rendered":"http:\/\/larock.com.es\/site\/?p=1106"},"modified":"2022-01-05T22:08:12","modified_gmt":"2022-01-05T22:08:12","slug":"el-barrio-en-madrid","status":"publish","type":"post","link":"https:\/\/larock.com.es\/site\/2018\/11\/15\/el-barrio-en-madrid\/","title":{"rendered":"EL BARRIO EN MADRID"},"content":{"rendered":"<p style=\"text-align: justify;\">El artista gaditano <strong>El Barrio<\/strong> llega de nuevo a los escenarios espa\u00f1oles de mayor prestigio para darnos a conocer en directo su nuevo \u00e1lbum, \u00abLas Costuras del Alma\u00bb, su duod\u00e9cimo \u00e1lbum de estudio. El Palau Sant Jordi de Barcelona, el Palacio de Deportes de Granada, el Auditorio Roc\u00edo Jurado de Sevilla o la Sala Multiusos S\u00e1nchez Para\u00edso de Salamanca ser\u00e1n solo algunos de los muchos escenarios en los que podremos disfrutar de nuevo de su poder\u00edo.<\/p>\n<p style=\"text-align: justify;\">En esta ocasi\u00f3n El Barrio act\u00faa como si fuera un viejo sastre que arregla los corazones rotos y, vali\u00e9ndose de ello, nos va presentando sus nuevas historias y canciones.<\/p>\n<p style=\"text-align: justify;\">Siendo el artista nacional e internacional que m\u00e1s veces ha llenado el Wizink Center de Madrid (un total de 17), con m\u00e1s de 400.000 entradas vendidas en su gira Hijo del Levante en 2015, y tras haber celebrado sus dos d\u00e9cadas en la m\u00fasica con 16 conciertos inolvidables con su Tour 20 en 2016, en 2018 El Barrio se embarca en una nueva gira con una producci\u00f3n \u00fanica, que promete convertirse una vez m\u00e1s en uno de los mejores directos del a\u00f1o.<\/p>\n<p style=\"text-align: justify;\">En lo que va de a\u00f1o, El Barrio ya ha llenado el Wizink Center en dos ocasiones, habiendo dado lugar a una tercera fecha que tendr\u00e1 lugar al final de su gira. Habiendo conseguido el triple disco de platino recientemente, el artista se consolida como uno de los m\u00e1s seguidos del panorama espa\u00f1ol.<\/p>\n<h3>6 DICIEMBRE &#8211; WIZINK CENTER<\/h3>\n<p>Compra tus entradas en:<\/p>\n<p><a href=\"https:\/\/www.ticketmaster.es\/event\/el-barrio-las-costuras-del-alma-entradas\/6647?eventId=6647&amp;track=DiscoveryAPI&amp;camefrom=GLS%7CWizink+Center+EP&amp;brand=base_mb_es\">https:\/\/www.ticketmaster.es\/event\/el-barrio-las-costuras-del-alma-entradas\/6647?eventId=6647&amp;track=DiscoveryAPI&amp;camefrom=GLS%7CWizink+Center+EP&amp;brand=base_mb_es<\/a><\/p>\n","protected":false},"excerpt":{"rendered":"<p>El artista gaditano El Barrio llega de nuevo a los escenarios espa\u00f1oles de mayor prestigio para darnos a conocer en directo su nuevo \u00e1lbum, \u00abLas Costuras del Alma\u00bb, su duod\u00e9cimo \u00e1lbum de estudio. El Palau Sant Jordi de Barcelona, el Palacio de Deportes de Granada, el Auditorio Roc\u00edo Jurado de Sevilla o la Sala Multiusos [&hellip;]<\/p>\n","protected":false},"author":2,"featured_media":3326,"comment_status":"open","ping_status":"open","sticky":false,"template":"","format":"standard","meta":{"footnotes":""},"categories":[24,27],"tags":[79,43,42],"class_list":["post-1106","post","type-post","status-publish","format-standard","has-post-thumbnail","hentry","category-conciertos1","category-noticias","tag-el-barrio","tag-l-a-rock","tag-l-a-rock-entertainment"],"_links":{"self":[{"href":"https:\/\/larock.com.es\/site\/wp-json\/wp\/v2\/posts\/1106","targetHints":{"allow":["GET"]}}],"collection":[{"href":"https:\/\/larock.com.es\/site\/wp-json\/wp\/v2\/posts"}],"about":[{"href":"https:\/\/larock.com.es\/site\/wp-json\/wp\/v2\/types\/post"}],"author":[{"embeddable":true,"href":"https:\/\/larock.com.es\/site\/wp-json\/wp\/v2\/users\/2"}],"replies":[{"embeddable":true,"href":"https:\/\/larock.com.es\/site\/wp-json\/wp\/v2\/comments?post=1106"}],"version-history":[{"count":4,"href":"https:\/\/larock.com.es\/site\/wp-json\/wp\/v2\/posts\/1106\/revisions"}],"predecessor-version":[{"id":3335,"href":"https:\/\/larock.com.es\/site\/wp-json\/wp\/v2\/posts\/1106\/revisions\/3335"}],"wp:featuredmedia":[{"embeddable":true,"href":"https:\/\/larock.com.es\/site\/wp-json\/wp\/v2\/media\/3326"}],"wp:attachment":[{"href":"https:\/\/larock.com.es\/site\/wp-json\/wp\/v2\/media?parent=1106"}],"wp:term":[{"taxonomy":"category","embeddable":true,"href":"https:\/\/larock.com.es\/site\/wp-json\/wp\/v2\/categories?post=1106"},{"taxonomy":"post_tag","embeddable":true,"href":"https:\/\/larock.com.es\/site\/wp-json\/wp\/v2\/tags?post=1106"}],"curies":[{"name":"wp","href":"https:\/\/api.w.org\/{rel}","templated":true}]}}