{"id":1098,"date":"2018-11-15T17:33:23","date_gmt":"2018-11-15T17:33:23","guid":{"rendered":"http:\/\/larock.com.es\/site\/?p=1098"},"modified":"2022-01-05T22:14:25","modified_gmt":"2022-01-05T22:14:25","slug":"miguel-poveda-el-tiempo-pasa-volando","status":"publish","type":"post","link":"https:\/\/larock.com.es\/site\/2018\/11\/15\/miguel-poveda-el-tiempo-pasa-volando\/","title":{"rendered":"MIGUEL POVEDA \u00abEL TIEMPO PASA VOLANDO\u00bb"},"content":{"rendered":"<p style=\"text-align: justify;\">\u00abCuando sub\u00ed por primera vez a un escenario, no pod\u00eda ni so\u00f1ar que 30 a\u00f1os m\u00e1s tarde lo celebrar\u00eda en el Teatro Real de Madrid. Es un honor poder mostrar parte del camino con un repertorio que va desde el Flamenco m\u00e1s tradicional, la canci\u00f3n andaluza o la poes\u00eda con la que he abordado m\u00fasica que refleja la diversidad en la que he crecido. Quiero mostrar mi gratitud al p\u00fablico que ha ido caminado junto a mis propuestas, a los m\u00fasicos que d\u00eda a d\u00eda me entregan su coraz\u00f3n y talento y al equipo de personas que a lo largo del camino han confiado en mi. La noche del 7 de Diciembre se convertir\u00e1 en un viaje de emociones que van desde mis or\u00edgenes hasta los d\u00edas de hoy. Os presentar\u00e9 gran parte de la trilog\u00eda editada este a\u00f1o y que empez\u00f3 con el disco dedicado a Federico Garc\u00eda Lorca (EnLorquecido) y que concluye con este disco doble que recoge cantes tradicionales y canciones que me acompa\u00f1aron en la ni\u00f1ez acrecentando mi pasi\u00f3n por la m\u00fasica. Vamos a disfrutar y a parar los relojes porque El tiempo pasa volando\u201d &#8211; Miguel Poveda.<\/p>\n","protected":false},"excerpt":{"rendered":"<p>\u00abCuando sub\u00ed por primera vez a un escenario, no pod\u00eda ni so\u00f1ar que 30 a\u00f1os m\u00e1s tarde lo celebrar\u00eda en el Teatro Real de Madrid. Es un honor poder mostrar parte del camino con un repertorio que va desde el Flamenco m\u00e1s tradicional, la canci\u00f3n andaluza o la poes\u00eda con la que he abordado m\u00fasica [&hellip;]<\/p>\n","protected":false},"author":2,"featured_media":3342,"comment_status":"open","ping_status":"open","sticky":false,"template":"","format":"standard","meta":{"footnotes":""},"categories":[24,27],"tags":[43,42,95],"class_list":["post-1098","post","type-post","status-publish","format-standard","has-post-thumbnail","hentry","category-conciertos1","category-noticias","tag-l-a-rock","tag-l-a-rock-entertainment","tag-miguel-poveda"],"_links":{"self":[{"href":"https:\/\/larock.com.es\/site\/wp-json\/wp\/v2\/posts\/1098","targetHints":{"allow":["GET"]}}],"collection":[{"href":"https:\/\/larock.com.es\/site\/wp-json\/wp\/v2\/posts"}],"about":[{"href":"https:\/\/larock.com.es\/site\/wp-json\/wp\/v2\/types\/post"}],"author":[{"embeddable":true,"href":"https:\/\/larock.com.es\/site\/wp-json\/wp\/v2\/users\/2"}],"replies":[{"embeddable":true,"href":"https:\/\/larock.com.es\/site\/wp-json\/wp\/v2\/comments?post=1098"}],"version-history":[{"count":3,"href":"https:\/\/larock.com.es\/site\/wp-json\/wp\/v2\/posts\/1098\/revisions"}],"predecessor-version":[{"id":3343,"href":"https:\/\/larock.com.es\/site\/wp-json\/wp\/v2\/posts\/1098\/revisions\/3343"}],"wp:featuredmedia":[{"embeddable":true,"href":"https:\/\/larock.com.es\/site\/wp-json\/wp\/v2\/media\/3342"}],"wp:attachment":[{"href":"https:\/\/larock.com.es\/site\/wp-json\/wp\/v2\/media?parent=1098"}],"wp:term":[{"taxonomy":"category","embeddable":true,"href":"https:\/\/larock.com.es\/site\/wp-json\/wp\/v2\/categories?post=1098"},{"taxonomy":"post_tag","embeddable":true,"href":"https:\/\/larock.com.es\/site\/wp-json\/wp\/v2\/tags?post=1098"}],"curies":[{"name":"wp","href":"https:\/\/api.w.org\/{rel}","templated":true}]}}