{"id":1088,"date":"2018-11-15T17:01:23","date_gmt":"2018-11-15T17:01:23","guid":{"rendered":"http:\/\/larock.com.es\/site\/?p=1088"},"modified":"2022-01-07T08:51:31","modified_gmt":"2022-01-07T08:51:31","slug":"world-of-hans-zimmer-espana","status":"publish","type":"post","link":"https:\/\/larock.com.es\/site\/2018\/11\/15\/world-of-hans-zimmer-espana\/","title":{"rendered":"THE WORLD OF HANS ZIMMER &#8211; ESPA\u00d1A"},"content":{"rendered":"<p style=\"text-align: justify;\"><b>Hans Zimmer<\/b>, ganador de Oscars, Grammy y Globos de Oro, es sin duda uno de los m\u00e1s conocidos e influyentes compositores de bandas sonoras de nuestro tiempo.&nbsp;Sus&nbsp;poderosos paisajes sonoros&nbsp;han definido el estilo del cine contempor\u00e1neo como ning\u00fan otro compositor. Sus bandas sonoras han dotado de drama y de&nbsp;una&nbsp;enorme&nbsp;profundidad emocional a una lista casi interminable de producciones taquilleras:&nbsp;<b>El Rey Le\u00f3n<\/b>,&nbsp;<b>Gladiator<\/b>,&nbsp;<b>Los Piratas del Caribe<\/b>,&nbsp;<b>El C\u00f3digo Da Vinci<\/b>,&nbsp;<b>Batman<\/b>,&nbsp;<b>El Caballero Oscuro<\/b>,&nbsp;<b>Origen<\/b>&nbsp;o&nbsp;<b>Interstellar<\/b>, son solo algunas de las pel\u00edculas m\u00e1s famosas. Este mismo a\u00f1o, Hans Zimmer recibi\u00f3 su und\u00e9cima nominaci\u00f3n a los Oscars por la impresionante banda sonora de&nbsp;<b>Dunkerque<\/b>. Tras agotar entradas en el Teatro Real de Madrid,<b>&nbsp;\u201cThe World of Hans Zimmer \u2013 A Symphonic Celebration\u201d<\/b>&nbsp;vuelve a Espa\u00f1a en su formato espectacular para arenas, con m\u00e1s de 100 m\u00fasicos y solistas en escena, y una impresionante producci\u00f3n de video, iluminaci\u00f3n y sonido. El espect\u00e1culo volver\u00e1 a nuestro pa\u00eds en la primavera de 2019 con paradas en&nbsp;<b>Barcelona<\/b>&nbsp;(5 de abril de 2019, Palau Sant Jordi) y&nbsp;<b>Madrid<\/b>&nbsp;(7 de abril, Wizink center). El p\u00fablico tambi\u00e9n podr\u00e1 disfrutar de impresionantes proyecciones visuales con secuencias de las pel\u00edculas cuya m\u00fasica se interpreta.&nbsp;<b>Zimmer<\/b>&nbsp;dio instrucciones precisas a la direcci\u00f3n art\u00edstica sobre qu\u00e9 escenas eran importantes para \u00e9l y como deber\u00edan usarse en las proyecciones.&nbsp;<b>Hans Zimmer<\/b> es el director musical y creador del show, en el que participan grandes amigos y compa\u00f1eros del compositor, pero es el gran director Gavin Greenaway, colaborador de Hans Zimmer durante los \u00faltimos 25, quien se encarga de la direcci\u00f3n de la orquesta, el coro, banda y solistas. The World of Hans Zimmer est\u00e1 presentado en Espa\u00f1a por Sold Out y Universal Music y L.A. Rock, en asociaci\u00f3n con&nbsp; Semmel Concerts, RCI Global y Tomek Productions.<\/p>\n","protected":false},"excerpt":{"rendered":"<p>Hans Zimmer, ganador de Oscars, Grammy y Globos de Oro, es sin duda uno de los m\u00e1s conocidos e influyentes compositores de bandas sonoras de nuestro tiempo.&nbsp;Sus&nbsp;poderosos paisajes sonoros&nbsp;han definido el estilo del cine contempor\u00e1neo como ning\u00fan otro compositor. Sus bandas sonoras han dotado de drama y de&nbsp;una&nbsp;enorme&nbsp;profundidad emocional a una lista casi interminable de [&hellip;]<\/p>\n","protected":false},"author":2,"featured_media":3347,"comment_status":"open","ping_status":"open","sticky":false,"template":"","format":"standard","meta":{"footnotes":""},"categories":[24,27],"tags":[97,43,42,96],"class_list":["post-1088","post","type-post","status-publish","format-standard","has-post-thumbnail","hentry","category-conciertos1","category-noticias","tag-hans-zimmer","tag-l-a-rock","tag-l-a-rock-entertainment","tag-the-world-of-hans-zimmer"],"_links":{"self":[{"href":"https:\/\/larock.com.es\/site\/wp-json\/wp\/v2\/posts\/1088","targetHints":{"allow":["GET"]}}],"collection":[{"href":"https:\/\/larock.com.es\/site\/wp-json\/wp\/v2\/posts"}],"about":[{"href":"https:\/\/larock.com.es\/site\/wp-json\/wp\/v2\/types\/post"}],"author":[{"embeddable":true,"href":"https:\/\/larock.com.es\/site\/wp-json\/wp\/v2\/users\/2"}],"replies":[{"embeddable":true,"href":"https:\/\/larock.com.es\/site\/wp-json\/wp\/v2\/comments?post=1088"}],"version-history":[{"count":4,"href":"https:\/\/larock.com.es\/site\/wp-json\/wp\/v2\/posts\/1088\/revisions"}],"predecessor-version":[{"id":3357,"href":"https:\/\/larock.com.es\/site\/wp-json\/wp\/v2\/posts\/1088\/revisions\/3357"}],"wp:featuredmedia":[{"embeddable":true,"href":"https:\/\/larock.com.es\/site\/wp-json\/wp\/v2\/media\/3347"}],"wp:attachment":[{"href":"https:\/\/larock.com.es\/site\/wp-json\/wp\/v2\/media?parent=1088"}],"wp:term":[{"taxonomy":"category","embeddable":true,"href":"https:\/\/larock.com.es\/site\/wp-json\/wp\/v2\/categories?post=1088"},{"taxonomy":"post_tag","embeddable":true,"href":"https:\/\/larock.com.es\/site\/wp-json\/wp\/v2\/tags?post=1088"}],"curies":[{"name":"wp","href":"https:\/\/api.w.org\/{rel}","templated":true}]}}