{"id":1022,"date":"2018-06-15T10:35:51","date_gmt":"2018-06-15T10:35:51","guid":{"rendered":"http:\/\/larock.com.es\/site\/?p=1022"},"modified":"2022-01-07T08:51:19","modified_gmt":"2022-01-07T08:51:19","slug":"maluma-sera-el-primer-artista-internacional-en-sumarse-al-cartel-de-cita-en-mairena","status":"publish","type":"post","link":"https:\/\/larock.com.es\/site\/2018\/06\/15\/maluma-sera-el-primer-artista-internacional-en-sumarse-al-cartel-de-cita-en-mairena\/","title":{"rendered":"MALUMA SER\u00c1 EL PRIMER ARTISTA INTERNACIONAL EN SUMARSE AL CARTEL DE \u201cCITA EN MAIRENA\u201d"},"content":{"rendered":"<p style=\"text-align: justify;\">\u201c<strong>CITA EN MAIRENA<\/strong>\u201d en su segunda edici\u00f3n, ser\u00e1 el nuevo emplazamiento del concierto del artista colombiano. El esfuerzo de Cita en Mairena por convertirse en una de las convocatorias musicales m\u00e1s importantes del Oto\u00f1o, traslada el concierto del 8 de Septiembre al Recinto H\u00edpico de la localidad sevillana.<\/p>\n<p style=\"text-align: justify;\">Madrid, 15 de Junio de 2018.- El concierto de <strong>Maluma<\/strong> el pr\u00f3ximo 8 de Septiembre cambia de ubicaci\u00f3n para unirse a la segunda edici\u00f3n de Cita En Mairena. El Festival ha realizado un gran esfuerzo para sumar al cantante colombiano a un cartel que se internacionaliza con el objetivo de convertirse en una de las grandes citas musicales del oto\u00f1o.<\/p>\n<p style=\"text-align: justify;\">Maluma ten\u00eda previsto presentar su tercer \u00e1lbum de estudio, \u201cF.A.M.E\u201d, en el Estadio La Cartuja pero la fuerte apuesta de Cita en Mairena ha llevado a incluirle en el cartel del festival sevillano junto a otros grandes artistas. Maluma se convierte as\u00ed en un reto de gran impacto para la cita andaluza, que se posiciona como una de las grandes de la temporada.<br \/>\nEl cambio de localizaci\u00f3n conservar\u00e1 la fecha prevista del 8 de Septiembre y contar\u00e1 con un espacio m\u00e1s accesible para el p\u00fablico, en el que se lograr\u00e1 un espect\u00e1culo m\u00e1s cercano para su legi\u00f3n de seguidores, en una velada que promete ser irrepetible.<\/p>\n<p style=\"text-align: justify;\">El Recinto H\u00edpico de Mairena cuenta con un entorno envidiable para la organizaci\u00f3n de conciertos. A escasos kil\u00f3metros del centro de la capital sevillana, cuenta con l\u00edneas de transporte p\u00fablico, tanto de la red de autobuses como de la cercana estaci\u00f3n de metro Ciudad Expo.<\/p>\n<p style=\"text-align: justify;\">Las entradas adquiridas para el recinto del estadio de La Cartuja tendr\u00e1n validez en el nuevo emplazamiento, conservando la categor\u00eda de situaci\u00f3n elegida (General Pista, General Grada y Front Stage, adem\u00e1s de las entradas de Movilidad Reducida). Los accesos en el Recinto de Mairena estar\u00e1n se\u00f1alizados y contar\u00e1n con una visi\u00f3n mucho m\u00e1s cercana entre p\u00fablico y artista. Para aquellos que deseen realizar la devoluci\u00f3n de las entradas, a partir del d\u00eda 15 de Junio se abrir\u00e1 un plazo de 10 d\u00edas para solicitar el reembolso de las mismas.<\/p>\n<p style=\"text-align: justify;\">Para cualquier informaci\u00f3n acerca del cambio de recinto se pone a disposici\u00f3n del consumidor el siguiente correo electr\u00f3nico: comunicacion@larock.com.es<\/p>\n<p style=\"text-align: justify;\">MALUMA en CITA EN MAIRENA<br \/>\n8 de Septiembre de 2018<br \/>\nEntradas a la venta en Ticketmaster.com<\/p>\n","protected":false},"excerpt":{"rendered":"<p>\u201cCITA EN MAIRENA\u201d en su segunda edici\u00f3n, ser\u00e1 el nuevo emplazamiento del concierto del artista colombiano. El esfuerzo de Cita en Mairena por convertirse en una de las convocatorias musicales m\u00e1s importantes del Oto\u00f1o, traslada el concierto del 8 de Septiembre al Recinto H\u00edpico de la localidad sevillana. Madrid, 15 de Junio de 2018.- El [&hellip;]<\/p>\n","protected":false},"author":2,"featured_media":3348,"comment_status":"open","ping_status":"open","sticky":false,"template":"","format":"standard","meta":{"footnotes":""},"categories":[24,27],"tags":[99,43,42,98],"class_list":["post-1022","post","type-post","status-publish","format-standard","has-post-thumbnail","hentry","category-conciertos1","category-noticias","tag-cita-en-mairena","tag-l-a-rock","tag-l-a-rock-entertainment","tag-maluma"],"_links":{"self":[{"href":"https:\/\/larock.com.es\/site\/wp-json\/wp\/v2\/posts\/1022","targetHints":{"allow":["GET"]}}],"collection":[{"href":"https:\/\/larock.com.es\/site\/wp-json\/wp\/v2\/posts"}],"about":[{"href":"https:\/\/larock.com.es\/site\/wp-json\/wp\/v2\/types\/post"}],"author":[{"embeddable":true,"href":"https:\/\/larock.com.es\/site\/wp-json\/wp\/v2\/users\/2"}],"replies":[{"embeddable":true,"href":"https:\/\/larock.com.es\/site\/wp-json\/wp\/v2\/comments?post=1022"}],"version-history":[{"count":5,"href":"https:\/\/larock.com.es\/site\/wp-json\/wp\/v2\/posts\/1022\/revisions"}],"predecessor-version":[{"id":3355,"href":"https:\/\/larock.com.es\/site\/wp-json\/wp\/v2\/posts\/1022\/revisions\/3355"}],"wp:featuredmedia":[{"embeddable":true,"href":"https:\/\/larock.com.es\/site\/wp-json\/wp\/v2\/media\/3348"}],"wp:attachment":[{"href":"https:\/\/larock.com.es\/site\/wp-json\/wp\/v2\/media?parent=1022"}],"wp:term":[{"taxonomy":"category","embeddable":true,"href":"https:\/\/larock.com.es\/site\/wp-json\/wp\/v2\/categories?post=1022"},{"taxonomy":"post_tag","embeddable":true,"href":"https:\/\/larock.com.es\/site\/wp-json\/wp\/v2\/tags?post=1022"}],"curies":[{"name":"wp","href":"https:\/\/api.w.org\/{rel}","templated":true}]}}