{"id":1013,"date":"2018-05-30T11:45:32","date_gmt":"2018-05-30T11:45:32","guid":{"rendered":"http:\/\/larock.com.es\/site\/?p=1013"},"modified":"2022-01-07T08:51:07","modified_gmt":"2022-01-07T08:51:07","slug":"estudiantes-de-toledo-aprenden-el-voluntariado-con-curar-y-cantar","status":"publish","type":"post","link":"https:\/\/larock.com.es\/site\/2018\/05\/30\/estudiantes-de-toledo-aprenden-el-voluntariado-con-curar-y-cantar\/","title":{"rendered":"ESTUDIANTES DE TOLEDO APRENDEN EL VOLUNTARIADO CON \u00abCURAR Y CANTAR\u00bb"},"content":{"rendered":"<p style=\"text-align: justify;\"><strong><em>Ensayar\u00e1n una canci\u00f3n que interpretar\u00e1n el pr\u00f3ximo 21 de junio en el Hospital de Parapl\u00e9jicos de Toledo.<\/em><\/strong><\/p>\n<p style=\"text-align: justify;\"><strong>Madrid. 30.5.2018. <\/strong><strong>La iniciativa \u00abCurar y Cantar\u00bb llega hoy al Instituto <em>El Greco<\/em> de Toledo, donde un grupo de alumnos y alumnas van a participar en un taller de voluntariado y m\u00fasica para posteriormente realizar una representaci\u00f3n musical en el Hospital Nacional de Parapl\u00e9jicos de esa misma ciudad.<\/strong><\/p>\n<p style=\"text-align: justify;\">La actuaci\u00f3n en el centro hospitalario tendr\u00e1 lugar el jueves 21 de junio, hasta all\u00ed se desplazar\u00e1 toda la clase para actuar ante sanitarios, personas hospitalizadas y sus familiares, tambi\u00e9n formar\u00e1n parte del espect\u00e1culo m\u00fasicos profesionales que se han implicado en este proyecto.<\/p>\n<p style=\"text-align: justify;\">La propuesta de \u00ab<strong>Curar y Cantar\u00bb<\/strong> consiste en organizar talleres para estudiantes donde aprenden qu\u00e9 es el voluntariado y adem\u00e1s ensayan una canci\u00f3n que luego interpretar\u00e1n en distintos hospitales. De este modo, se introduce la solidaridad en las aulas a trav\u00e9s del lenguaje universal de la m\u00fasica.&nbsp;<strong><em>Aprendiendo el Voluntariado: Curar y Cantar<\/em><\/strong> es una iniciativa de la <strong>Fundaci\u00f3n L.A. Rock<\/strong> y de la <strong>Plataforma del Voluntariado de Espa\u00f1a<\/strong> que est\u00e1 implantando el voluntariado en distintos colegios e institutos del Estado, &nbsp;su objetivo final es sensibilizar a j\u00f3venes y adolescentes sobre la necesidad de implicarse en la construcci\u00f3n de un mundo m\u00e1s humano.<\/p>\n<p style=\"text-align: justify;\"><strong><u>M\u00e1s informaci\u00f3n<\/u><\/strong><\/p>\n<p style=\"text-align: justify;\">La Plataforma de Voluntariado de Espa\u00f1a (PVE) es una organizaci\u00f3n no gubernamental que coordina la promoci\u00f3n, difusi\u00f3n del voluntariado y la acci\u00f3n solidaria a nivel estatal.<\/p>\n<p style=\"text-align: justify;\">La PVE se constituye en 1986. Est\u00e1 integrada por 79 organizaciones de \u00e1mbito estatal as\u00ed como por plataformas auton\u00f3micas y provinciales de toda Espa\u00f1a.&nbsp;Entre sus miembros figuran organizaciones como Cruz Roja Espa\u00f1ola, C\u00e1ritas, Comisi\u00f3n Espa\u00f1ola de Ayuda al Refugiado (CEAR), UNAD, Asociaci\u00f3n Espa\u00f1ola contra el C\u00e1ncer, (AECC), Federaci\u00f3n Estatal de Lesbianas, Gays, Transexuales y Bisexuales, Save The Children o Aldeas Infantiles, entre otras.<\/p>\n","protected":false},"excerpt":{"rendered":"<p>Ensayar\u00e1n una canci\u00f3n que interpretar\u00e1n el pr\u00f3ximo 21 de junio en el Hospital de Parapl\u00e9jicos de Toledo. Madrid. 30.5.2018. La iniciativa \u00abCurar y Cantar\u00bb llega hoy al Instituto El Greco de Toledo, donde un grupo de alumnos y alumnas van a participar en un taller de voluntariado y m\u00fasica para posteriormente realizar una representaci\u00f3n musical [&hellip;]<\/p>\n","protected":false},"author":2,"featured_media":3352,"comment_status":"open","ping_status":"open","sticky":false,"template":"","format":"standard","meta":{"footnotes":""},"categories":[27],"tags":[48,43,42],"class_list":["post-1013","post","type-post","status-publish","format-standard","has-post-thumbnail","hentry","category-noticias","tag-curar-y-cantar","tag-l-a-rock","tag-l-a-rock-entertainment"],"_links":{"self":[{"href":"https:\/\/larock.com.es\/site\/wp-json\/wp\/v2\/posts\/1013","targetHints":{"allow":["GET"]}}],"collection":[{"href":"https:\/\/larock.com.es\/site\/wp-json\/wp\/v2\/posts"}],"about":[{"href":"https:\/\/larock.com.es\/site\/wp-json\/wp\/v2\/types\/post"}],"author":[{"embeddable":true,"href":"https:\/\/larock.com.es\/site\/wp-json\/wp\/v2\/users\/2"}],"replies":[{"embeddable":true,"href":"https:\/\/larock.com.es\/site\/wp-json\/wp\/v2\/comments?post=1013"}],"version-history":[{"count":4,"href":"https:\/\/larock.com.es\/site\/wp-json\/wp\/v2\/posts\/1013\/revisions"}],"predecessor-version":[{"id":3354,"href":"https:\/\/larock.com.es\/site\/wp-json\/wp\/v2\/posts\/1013\/revisions\/3354"}],"wp:featuredmedia":[{"embeddable":true,"href":"https:\/\/larock.com.es\/site\/wp-json\/wp\/v2\/media\/3352"}],"wp:attachment":[{"href":"https:\/\/larock.com.es\/site\/wp-json\/wp\/v2\/media?parent=1013"}],"wp:term":[{"taxonomy":"category","embeddable":true,"href":"https:\/\/larock.com.es\/site\/wp-json\/wp\/v2\/categories?post=1013"},{"taxonomy":"post_tag","embeddable":true,"href":"https:\/\/larock.com.es\/site\/wp-json\/wp\/v2\/tags?post=1013"}],"curies":[{"name":"wp","href":"https:\/\/api.w.org\/{rel}","templated":true}]}}