{"id":1000,"date":"2018-05-24T15:27:43","date_gmt":"2018-05-24T15:27:43","guid":{"rendered":"http:\/\/larock.com.es\/site\/?p=1000"},"modified":"2022-01-07T08:53:35","modified_gmt":"2022-01-07T08:53:35","slug":"l-a-r-o-c-k-e-n-t-e-r-t-e-i-m-e-n-t-www-larock-com-es-depto-de-comunicacion-carolina-luis-carolinalarock-com-es-james-rhodes-visitara-fuengirola-dentro-del-cartel-del-marenostrum-music-castle-p","status":"publish","type":"post","link":"https:\/\/larock.com.es\/site\/2018\/05\/24\/l-a-r-o-c-k-e-n-t-e-r-t-e-i-m-e-n-t-www-larock-com-es-depto-de-comunicacion-carolina-luis-carolinalarock-com-es-james-rhodes-visitara-fuengirola-dentro-del-cartel-del-marenostrum-music-castle-p\/","title":{"rendered":"JAMES RHODES VISITAR\u00c1 FUENGIROLA DENTRO DEL CARTEL DEL MARENOSTRUM MUSIC CASTLE PARK"},"content":{"rendered":"<p style=\"text-align: justify;\">El m\u00fasico ingl\u00e9s ofrecer\u00e1 una velada m\u00e1gica en el Castillo de Sohail. El pianista mostrar\u00e1 un formato que persigue que el p\u00fablico conecte con la m\u00fasica cl\u00e1sica.<\/p>\n<p style=\"text-align: justify;\">Madrid, 24 de Mayo 2018.- Un micr\u00f3fono, un piano y Bach o la m\u00fasica cl\u00e1sica contada a trav\u00e9s de la biograf\u00eda de sus compositores, puesta en el contexto de la \u00e9poca e interpretada al piano en tejanos, sudadera y zapatillas. Estos son los ingredientes principales de los at\u00edpicos e innovadores conciertos que <strong>James Rhodes<\/strong>, el enfant terrible de la m\u00fasica cl\u00e1sica, ofrecer\u00e1 en trece ciudades espa\u00f1olas en el marco de su \u00faltima gira <em>Fire on all sides<\/em> con una parada el pr\u00f3ximo 29 de Junio en el <strong>Marenostrum Music Castle Park<\/strong>.<\/p>\n<p style=\"text-align: justify;\">\u201cEn mis conciertos hablo de las piezas que interpreto, cuento por qu\u00e9 las he elegido, qu\u00e9 importancia tienen para m\u00ed y en qu\u00e9 contexto se compusieron\u201d. As\u00ed explica James Rhodes c\u00f3mo son sus recitales en el pr\u00f3logo de su libro \u201cInstrumental. Memorias de m\u00fasica, medicina y locura\u201d (7\u00aa edici\u00f3n, m\u00e1s de 100.000 ejemplares vendidos), con el que ha obtenido un enorme e inesperado \u00e9xito en todo el mundo.<\/p>\n<p style=\"text-align: justify;\">Con el af\u00e1n de sacudir el polvo que parece que a veces rodea a este g\u00e9nero musical, Rhodes ofrece una mirada renovada y un formato de concierto totalmente revolucionario en el contexto de la m\u00fasica cl\u00e1sica. El artista brit\u00e1nico ha acu\u00f1ado un tipo de recital propio y personal, donde, adem\u00e1s de tocar y contextualizar las obras que interpreta, cuenta sobre el escenario -entre piezas de Bach, Chopin o Rachmaninov- la historia de su vida hilada con las biograf\u00edas de los compositores y c\u00f3mo la m\u00fasica le ha ayudado a superar los numerosos obst\u00e1culos que se ha ido encontrando por el camino.<\/p>\n<p style=\"text-align: justify;\">Con estos singulares conciertos James Rhodes se ha convertido en uno de los principales divulgadores de la m\u00fasica cl\u00e1sica en el mundo, gracias a sus giras y conciertos en todo tipo de festivales y salas, as\u00ed como varios documentales sobre su figura filmados con la complicidad de cadenas de televisi\u00f3n brit\u00e1nicas.<br \/>\nCarism\u00e1tico, visceral y muy talentoso, James Rhodes asegura que Bach le ha salvado la vida. Y cree absolutamente en el poder de la m\u00fasica cl\u00e1sica: \u201ces algo que puede enamorar a los ni\u00f1os y cambiar la vida de las personas\u201d.<\/p>\n<p style=\"text-align: justify;\">Esta gira toma el t\u00edtulo en ingl\u00e9s de su \u00faltimo libro (Fugas. O la ansiedad de sentirse vivo en su versi\u00f3n espa\u00f1ola, publicado el pasado mes de noviembre por Blackie Books), donde, a modo de diario de ruta, repasa una de sus giras m\u00e1s importantes y recoge las vivencias, miedos y derivas emocionales de su d\u00eda a d\u00eda, siempre rodeado de la m\u00fasica que tanto ama.<br \/>\nAclamado por la cr\u00edtica por su estilo irreverente e innovador, Rhodes aporta un toque muy personal a cada una de sus actuaciones que muestran la experiencia de la m\u00fasica en primera persona, deshaciendo el halo de solemnidad que envuelve a la m\u00fasica cl\u00e1sica para acercarla al gran p\u00fablico.<\/p>\n<p style=\"text-align: justify;\">#RhodesOnFire<\/p>\n","protected":false},"excerpt":{"rendered":"<p>El m\u00fasico ingl\u00e9s ofrecer\u00e1 una velada m\u00e1gica en el Castillo de Sohail. El pianista mostrar\u00e1 un formato que persigue que el p\u00fablico conecte con la m\u00fasica cl\u00e1sica. Madrid, 24 de Mayo 2018.- Un micr\u00f3fono, un piano y Bach o la m\u00fasica cl\u00e1sica contada a trav\u00e9s de la biograf\u00eda de sus compositores, puesta en el contexto [&hellip;]<\/p>\n","protected":false},"author":2,"featured_media":3365,"comment_status":"open","ping_status":"open","sticky":false,"template":"","format":"standard","meta":{"footnotes":""},"categories":[28,27],"tags":[101,100,43,42,36,37,72],"class_list":["post-1000","post","type-post","status-publish","format-standard","has-post-thumbnail","hentry","category-contacto","category-noticias","tag-fire-on-all-sides","tag-james-rhodes","tag-l-a-rock","tag-l-a-rock-entertainment","tag-marenostrum","tag-marenostrum-fuengirola","tag-marenostrum-music-castle-park"],"_links":{"self":[{"href":"https:\/\/larock.com.es\/site\/wp-json\/wp\/v2\/posts\/1000","targetHints":{"allow":["GET"]}}],"collection":[{"href":"https:\/\/larock.com.es\/site\/wp-json\/wp\/v2\/posts"}],"about":[{"href":"https:\/\/larock.com.es\/site\/wp-json\/wp\/v2\/types\/post"}],"author":[{"embeddable":true,"href":"https:\/\/larock.com.es\/site\/wp-json\/wp\/v2\/users\/2"}],"replies":[{"embeddable":true,"href":"https:\/\/larock.com.es\/site\/wp-json\/wp\/v2\/comments?post=1000"}],"version-history":[{"count":5,"href":"https:\/\/larock.com.es\/site\/wp-json\/wp\/v2\/posts\/1000\/revisions"}],"predecessor-version":[{"id":3366,"href":"https:\/\/larock.com.es\/site\/wp-json\/wp\/v2\/posts\/1000\/revisions\/3366"}],"wp:featuredmedia":[{"embeddable":true,"href":"https:\/\/larock.com.es\/site\/wp-json\/wp\/v2\/media\/3365"}],"wp:attachment":[{"href":"https:\/\/larock.com.es\/site\/wp-json\/wp\/v2\/media?parent=1000"}],"wp:term":[{"taxonomy":"category","embeddable":true,"href":"https:\/\/larock.com.es\/site\/wp-json\/wp\/v2\/categories?post=1000"},{"taxonomy":"post_tag","embeddable":true,"href":"https:\/\/larock.com.es\/site\/wp-json\/wp\/v2\/tags?post=1000"}],"curies":[{"name":"wp","href":"https:\/\/api.w.org\/{rel}","templated":true}]}}