{"id":5529,"date":"2025-08-04T12:08:13","date_gmt":"2025-08-04T12:08:13","guid":{"rendered":"http:\/\/larock.com.es\/site\/?p=5529"},"modified":"2025-08-04T12:19:51","modified_gmt":"2025-08-04T12:19:51","slug":"placido-domingo-en-baku-en-el-heydar-aliyev-center","status":"publish","type":"post","link":"http:\/\/larock.com.es\/site\/2025\/08\/04\/placido-domingo-en-baku-en-el-heydar-aliyev-center\/","title":{"rendered":"Pl\u00e1cido Domingo estar\u00e1 en Bak\u00fa en el Heydar Aliyev Center el pr\u00f3ximo 14 de noviembre"},"content":{"rendered":"\n<h2 class=\"wp-block-heading\"><strong>El 14 de noviembre, el legendario tenor Pl\u00e1cido Domingo ofrecer\u00e1 un concierto en el Centro Heydar Aliyev de Bak\u00fa.<\/strong><\/h2>\n\n\n\n<p>El repertorio de Domingo en el Centro Heydar Aliyev brindar\u00e1 momentos memorables, incluyendo la interpretaci\u00f3n de una canci\u00f3n azerbaiyana.<\/p>\n\n\n\n<p>A lo largo de su carrera musical, que se extiende por m\u00e1s de medio siglo, Pl\u00e1cido Domingo ha interpretado m\u00e1s de 150 papeles principales de \u00f3pera en los escenarios m\u00e1s prestigiosos del mundo. Domingo tambi\u00e9n es conocido como director de orquesta. Su repertorio incluye m\u00e1s de 100 \u00f3peras completas, grabaciones en solitario y d\u00faos. Ha inaugurado la temporada de la famosa Metropolitan Opera en numerosas ocasiones, llegando incluso a batir el antiguo r\u00e9cord del renombrado cantante de \u00f3pera Caruso.<\/p>\n\n\n\n<h4 class=\"wp-block-heading\"><\/h4>\n\n\n\n<figure class=\"wp-block-gallery aligncenter columns-1 is-cropped wp-block-gallery-1 is-layout-flex wp-block-gallery-is-layout-flex\"><ul class=\"blocks-gallery-grid\"><li class=\"blocks-gallery-item\"><figure><img loading=\"lazy\" decoding=\"async\" width=\"819\" height=\"1024\" src=\"http:\/\/larock.com.es\/site\/wp-content\/uploads\/2025\/08\/Poster-updated-819x1024.jpeg\" alt=\"\" data-id=\"5511\" data-full-url=\"http:\/\/larock.com.es\/site\/wp-content\/uploads\/2025\/08\/Poster-updated.jpeg\" data-link=\"http:\/\/larock.com.es\/site\/venta-de-entradas-2\/poster-updated\/\" class=\"wp-image-5511\" srcset=\"http:\/\/larock.com.es\/site\/wp-content\/uploads\/2025\/08\/Poster-updated-819x1024.jpeg 819w, http:\/\/larock.com.es\/site\/wp-content\/uploads\/2025\/08\/Poster-updated-240x300.jpeg 240w, http:\/\/larock.com.es\/site\/wp-content\/uploads\/2025\/08\/Poster-updated-768x960.jpeg 768w, http:\/\/larock.com.es\/site\/wp-content\/uploads\/2025\/08\/Poster-updated.jpeg 1080w\" sizes=\"auto, (max-width: 819px) 100vw, 819px\" \/><\/figure><\/li><\/ul><\/figure>\n\n\n\n<p><\/p>\n\n\n\n<p>\u00a0\u00a1Entradas ya a la venta en <a href=\"https:\/\/iticket.az\/en\/events\/concerts\/placido-domingo-2025\/163665\">iticket<\/a>!<\/p>\n\n\n\n<figure class=\"wp-block-gallery aligncenter columns-0 is-cropped wp-block-gallery-2 is-layout-flex wp-block-gallery-is-layout-flex\"><ul class=\"blocks-gallery-grid\"><\/ul><\/figure>\n","protected":false},"excerpt":{"rendered":"<p>El 14 de noviembre, el legendario tenor Pl\u00e1cido Domingo ofrecer\u00e1 un concierto en el Centro Heydar Aliyev,  Bak\u00fa.<\/p>\n","protected":false},"author":2,"featured_media":5511,"comment_status":"closed","ping_status":"open","sticky":false,"template":"","format":"standard","meta":{"footnotes":""},"categories":[24,27],"tags":[390,391,393,392,389],"class_list":["post-5529","post","type-post","status-publish","format-standard","has-post-thumbnail","hentry","category-conciertos1","category-noticias","tag-azerbaijan","tag-heydar-aliyev-center","tag-musica-clasica","tag-opera","tag-placido-domingo"],"_links":{"self":[{"href":"http:\/\/larock.com.es\/site\/wp-json\/wp\/v2\/posts\/5529","targetHints":{"allow":["GET"]}}],"collection":[{"href":"http:\/\/larock.com.es\/site\/wp-json\/wp\/v2\/posts"}],"about":[{"href":"http:\/\/larock.com.es\/site\/wp-json\/wp\/v2\/types\/post"}],"author":[{"embeddable":true,"href":"http:\/\/larock.com.es\/site\/wp-json\/wp\/v2\/users\/2"}],"replies":[{"embeddable":true,"href":"http:\/\/larock.com.es\/site\/wp-json\/wp\/v2\/comments?post=5529"}],"version-history":[{"count":5,"href":"http:\/\/larock.com.es\/site\/wp-json\/wp\/v2\/posts\/5529\/revisions"}],"predecessor-version":[{"id":5540,"href":"http:\/\/larock.com.es\/site\/wp-json\/wp\/v2\/posts\/5529\/revisions\/5540"}],"wp:featuredmedia":[{"embeddable":true,"href":"http:\/\/larock.com.es\/site\/wp-json\/wp\/v2\/media\/5511"}],"wp:attachment":[{"href":"http:\/\/larock.com.es\/site\/wp-json\/wp\/v2\/media?parent=5529"}],"wp:term":[{"taxonomy":"category","embeddable":true,"href":"http:\/\/larock.com.es\/site\/wp-json\/wp\/v2\/categories?post=5529"},{"taxonomy":"post_tag","embeddable":true,"href":"http:\/\/larock.com.es\/site\/wp-json\/wp\/v2\/tags?post=5529"}],"curies":[{"name":"wp","href":"https:\/\/api.w.org\/{rel}","templated":true}]}}