{"id":5451,"date":"2025-07-08T12:43:00","date_gmt":"2025-07-08T12:43:00","guid":{"rendered":"https:\/\/larock.com.es\/site\/?p=5451"},"modified":"2025-07-17T12:52:21","modified_gmt":"2025-07-17T12:52:21","slug":"sold-out-pimpinela-agota-entradas-en-barcelona","status":"publish","type":"post","link":"http:\/\/larock.com.es\/site\/2025\/07\/08\/sold-out-pimpinela-agota-entradas-en-barcelona\/","title":{"rendered":"\u00a1SOLD OUT! PIMPINELA AGOTA ENTRADAS EN BARCELONA"},"content":{"rendered":"\n<p>El <strong>Teatro Coliseum<\/strong> estar\u00e1 completamente lleno para recibir a <strong>Pimpinela<\/strong> este pr\u00f3ximo <strong>30 de septiembre<\/strong>.<br>\u00a1Gracias, Barcelona, por hacer de esta fecha un <strong>SOLD OUT<\/strong> absoluto!<\/p>\n\n\n\n<p>La gira <strong>#NoticiasDelAmor<\/strong> contin\u00faa dejando huella, y esta cita en la ciudad condal promete ser inolvidable: un espect\u00e1culo renovado, con todos los grandes \u00e9xitos del d\u00fao y una puesta en escena que emociona.<\/p>\n\n\n\n<figure class=\"wp-block-image size-large\"><img loading=\"lazy\" decoding=\"async\" width=\"819\" height=\"1024\" src=\"https:\/\/larock.com.es\/site\/wp-content\/uploads\/2025\/07\/PIMPINELA-BCN-SOLD-OUT-POST-819x1024.jpg\" alt=\"\" class=\"wp-image-5452\" srcset=\"http:\/\/larock.com.es\/site\/wp-content\/uploads\/2025\/07\/PIMPINELA-BCN-SOLD-OUT-POST-819x1024.jpg 819w, http:\/\/larock.com.es\/site\/wp-content\/uploads\/2025\/07\/PIMPINELA-BCN-SOLD-OUT-POST-240x300.jpg 240w, http:\/\/larock.com.es\/site\/wp-content\/uploads\/2025\/07\/PIMPINELA-BCN-SOLD-OUT-POST-768x960.jpg 768w, http:\/\/larock.com.es\/site\/wp-content\/uploads\/2025\/07\/PIMPINELA-BCN-SOLD-OUT-POST.jpg 1080w\" sizes=\"auto, (max-width: 819px) 100vw, 819px\" \/><\/figure>\n\n\n\n<p>Pero esto no termina aqu\u00ed&#8230;<\/p>\n\n\n\n<h2 class=\"wp-block-heading\"> \u00a1Pimpinela sigue recorriendo Espa\u00f1a en septiembre<\/h2>\n\n\n\n<p>El tour contin\u00faa su recorrido por todo el pa\u00eds, llevando emoci\u00f3n, nostalgia y alegr\u00eda a cada escenario.<\/p>\n\n\n\n<h3 class=\"wp-block-heading\">PR\u00d3XIMAS FECHAS:<\/h3>\n\n\n\n<ul class=\"wp-block-list\"><li>SANTANDER | 11 septiembre | La Plaza<\/li><li>A CORU\u00d1A | 13 septiembre | Palacio de la \u00d3pera<\/li><li>VIGO | 14 septiembre | Auditorio Mar de Vigo<\/li><li>BILBAO | 16 septiembre | Palacio Euskalduna<\/li><li>ZARAGOZA | 17 septiembre | Auditorio Sala Mozart<\/li><li>MADRID | 21 septiembre | Movistar Arena<\/li><li>LA L\u00cdNEA | 26 septiembre | En La L\u00ednea M\u00fasica<\/li><li>GRANADA | 28 septiembre | Palacio de Congresos<\/li><\/ul>\n\n\n\n<figure class=\"wp-block-image size-large\"><img loading=\"lazy\" decoding=\"async\" width=\"819\" height=\"1024\" src=\"https:\/\/larock.com.es\/site\/wp-content\/uploads\/2025\/07\/1080x1350-Pimpinela-Gira-POST-819x1024.jpg\" alt=\"\" class=\"wp-image-5463\" srcset=\"http:\/\/larock.com.es\/site\/wp-content\/uploads\/2025\/07\/1080x1350-Pimpinela-Gira-POST-819x1024.jpg 819w, http:\/\/larock.com.es\/site\/wp-content\/uploads\/2025\/07\/1080x1350-Pimpinela-Gira-POST-240x300.jpg 240w, http:\/\/larock.com.es\/site\/wp-content\/uploads\/2025\/07\/1080x1350-Pimpinela-Gira-POST-768x960.jpg 768w, http:\/\/larock.com.es\/site\/wp-content\/uploads\/2025\/07\/1080x1350-Pimpinela-Gira-POST.jpg 1080w\" sizes=\"auto, (max-width: 819px) 100vw, 819px\" \/><\/figure>\n","protected":false},"excerpt":{"rendered":"<p>El Teatro Coliseum estar\u00e1 completamente lleno para recibir a Pimpinela este pr\u00f3ximo 30 de septiembre. <\/p>\n","protected":false},"author":2,"featured_media":5452,"comment_status":"closed","ping_status":"open","sticky":false,"template":"","format":"standard","meta":{"footnotes":""},"categories":[27],"tags":[356,263,52],"class_list":["post-5451","post","type-post","status-publish","format-standard","has-post-thumbnail","hentry","category-noticias","tag-barcelona","tag-pimpinela","tag-sold-out"],"_links":{"self":[{"href":"http:\/\/larock.com.es\/site\/wp-json\/wp\/v2\/posts\/5451","targetHints":{"allow":["GET"]}}],"collection":[{"href":"http:\/\/larock.com.es\/site\/wp-json\/wp\/v2\/posts"}],"about":[{"href":"http:\/\/larock.com.es\/site\/wp-json\/wp\/v2\/types\/post"}],"author":[{"embeddable":true,"href":"http:\/\/larock.com.es\/site\/wp-json\/wp\/v2\/users\/2"}],"replies":[{"embeddable":true,"href":"http:\/\/larock.com.es\/site\/wp-json\/wp\/v2\/comments?post=5451"}],"version-history":[{"count":4,"href":"http:\/\/larock.com.es\/site\/wp-json\/wp\/v2\/posts\/5451\/revisions"}],"predecessor-version":[{"id":5465,"href":"http:\/\/larock.com.es\/site\/wp-json\/wp\/v2\/posts\/5451\/revisions\/5465"}],"wp:featuredmedia":[{"embeddable":true,"href":"http:\/\/larock.com.es\/site\/wp-json\/wp\/v2\/media\/5452"}],"wp:attachment":[{"href":"http:\/\/larock.com.es\/site\/wp-json\/wp\/v2\/media?parent=5451"}],"wp:term":[{"taxonomy":"category","embeddable":true,"href":"http:\/\/larock.com.es\/site\/wp-json\/wp\/v2\/categories?post=5451"},{"taxonomy":"post_tag","embeddable":true,"href":"http:\/\/larock.com.es\/site\/wp-json\/wp\/v2\/tags?post=5451"}],"curies":[{"name":"wp","href":"https:\/\/api.w.org\/{rel}","templated":true}]}}