{"id":3899,"date":"2023-03-07T16:14:29","date_gmt":"2023-03-07T16:14:29","guid":{"rendered":"http:\/\/larock.com.es\/site\/?p=3899"},"modified":"2023-05-17T09:15:10","modified_gmt":"2023-05-17T09:15:10","slug":"la-gira-del-album-the-disney-book-de-lang-lang-estara-el-3-de-julio-en-el-wizink-center-madrid","status":"publish","type":"post","link":"http:\/\/larock.com.es\/site\/2023\/03\/07\/la-gira-del-album-the-disney-book-de-lang-lang-estara-el-3-de-julio-en-el-wizink-center-madrid\/","title":{"rendered":"El virtuoso pianista Lang Lang confirma Madrid dentro de sus gira mundial."},"content":{"rendered":"\n<p><span class=\"has-inline-color has-black-color\">La gira se ha presentado ya en Hollywood Bowl junto a Los \u00c1ngeles Philharmonic y en el Royal Albert Hall de Londres con la Royal Philharmonic Orchestra y recalar\u00e1 en el Auditorio Nacional de Madrid el pr\u00f3ximo 3 de Julio.<\/span><\/p>\n\n\n\n<p>Este espect\u00e1culo <strong><em>The Disney Book<\/em> de Lang Lang<\/strong> nos mostrar\u00e1 al famoso pianista interpretando los temas m\u00e1s emblem\u00e1ticos de las pel\u00edculas Disney escritos especialmente para \u00e9l por los principales arreglistas del mundo. Las canciones que sonar\u00e1n ser\u00e1n desde La bella y la bestia, Pinocho, Blancanieves hasta El libro de la selva y muchas m\u00e1s. Adem\u00e1s, estar\u00e1 acompa\u00f1ado por la Orquesta de C\u00f3rdoba bajo la batuta del prestigioso Maestro Rub\u00e9n Gimeno. Asimismo, el concierto contar\u00e1 con la actuaci\u00f3n de grand\u00edsimos artistas a\u00fan por anunciar.<\/p>\n\n\n\n<p>Cabe mencionar, que, en el \u00e1lbum, el cantautor y pianista Jon Batiste vuelve a reenfocar su partitura Soul ganadora del Oscar con <em>It\u00b4s All Right<\/em>, Andrea Bocelli proporciona la voz para <em>You\u00b4ll Be in My Heart<\/em> de Tarz\u00e1n o Sebasti\u00e1n Yatra interpreta la canci\u00f3n nominada al Oscar <em>Dos Oruguitas<\/em> de Encanto. Tambi\u00e9n, hay apariciones especiales como la del guitarrista Milo\u0161, el int\u00e9rprete chino de erhu Guo Gan, la esposa de Lang Lang, la pianista Gina Alice y la Royal Philharmonic Orchestra, dirigida por Robert Ziegler.<\/p>\n\n\n\n<p>El pianista chino nacido en Shenyang es una figura muy destacada en la m\u00fasica cl\u00e1sica actual como pianista, educador y fil\u00e1ntropo. Al mismo tiempo, se ha convertido en uno de los embajadores de las artes m\u00e1s influyentes y comprometidos en el mundo del siglo XXI. Este artista promotor del arte y la cultura se encuentra en el podio mundial de la m\u00fasica cl\u00e1sica en vivo y en directo. No es de extra\u00f1ar que <em>The New York Times<\/em> lo describa como \u00abel artista m\u00e1s candente del planeta de la m\u00fasica cl\u00e1sica\u00bb, Lang Lang toca conciertos con entradas agotadas en todo el mundo.<\/p>\n\n\n\n<p>Lang Lang, uno de los m\u00fasicos m\u00e1s famosos a nivel internacional dentro y fuera del circuito de la m\u00fasica cl\u00e1sica, nos deleitar\u00e1 con la frescura y soltura que le caracterizan al tocar el piano. Adem\u00e1s, observaremos la pasi\u00f3n y energ\u00eda que proyecta al interpretar las piezas. Al comprar estas entradas para <em>The Disney Book,<\/em> podremos ver todo un espect\u00e1culo donde el p\u00fablico se embarcar\u00e1 en la magia de Disney y Lang Lang.<\/p>\n\n\n\n<p>El virtuoso pianista que comenz\u00f3 a la edad de 3 a\u00f1os a tocar ha obtenido grandes reconocimientos: fue galardonado con el Premio Crystal 2010 en Davos y, fue elegido como uno de los 250 j\u00f3venes l\u00edderes mundiales por el Foro Econ\u00f3mico Mundial. Igualmente, ha recibido doctorados honorarios del Royal College of Music, La Escuela de M\u00fasica de Manhattan y la Universidad de Nueva York. En diciembre de 2011 fue honrado con el premio m\u00e1s alto otorgado por el&nbsp;Ministerio de Cultura de la Rep\u00fablica Popular China&nbsp;y recibi\u00f3 los m\u00e1s altos honores civiles en Alemania (M\u00e9rito de la Rep\u00fablica Federal de Alemania) y Francia (Medalla de la Orden de las Artes y las Letras). En 2016&nbsp;Lang Lang fue invitado al Vaticano para actuar para el Papa Francisco, entre otros.<\/p>\n\n\n\n<p>La comunidad de fans&nbsp;de Lang Lang que lo sigue en cada paso de su distinguida carrera sabe a ciencia cierta que su&nbsp;\u00e9xito ha sido org\u00e1nico y merecido. Esto no ha hecho m\u00e1s que forjar colaboraciones con directores como Sir Simon Rattle,&nbsp;Gustavo Dudamel, Daniel Barenboim, Valery Gergiev, Charles Dutoit, Wolfgang Sawallisch o Christoph Eschenbach. Adem\u00e1s de haber trabajado con las agrupaciones musicales m\u00e1s prestigiosas del mundo como&nbsp;la San Francisco Symphony Orchestra, la Mahler Chamber Orchestra, la Filarm\u00f3nica de Israel, la Orquesta de Par\u00eds, la Sinf\u00f3nica de Sydney o la Filarm\u00f3nica de Hong Kong entre otras.<\/p>\n\n\n\n<p>Por todo esto, a lo largo de su singular carrera, el talento de Lang Lang ha conquistado a todo tipo de p\u00fablicos desde j\u00f3venes a mayores en compa\u00f1\u00eda de las orquestas y eventos m\u00e1s respetados. Su actuaci\u00f3n m\u00e1s vista por millones de espectadores podr\u00edamos decir que fue en los Premios GRAMMY con Metallica, Pharrell Williams o la leyenda del jazz Herbie Hancock.<\/p>\n\n\n\n<p><span class=\"has-inline-color has-vivid-cyan-blue-color\"><a href=\"https:\/\/www.entradas.com\/artist\/lang-lang\/\" data-type=\"URL\" data-id=\"https:\/\/www.entradas.com\/artist\/lang-lang\/\" target=\"_blank\" rel=\"noreferrer noopener\">ENTRADAS YA A LA VENTA<\/a> <\/span><\/p>\n\n\n\n<figure class=\"wp-block-gallery columns-1 is-cropped wp-block-gallery-1 is-layout-flex wp-block-gallery-is-layout-flex\"><ul class=\"blocks-gallery-grid\"><li class=\"blocks-gallery-item\"><figure><img loading=\"lazy\" decoding=\"async\" width=\"1024\" height=\"1024\" src=\"http:\/\/larock.com.es\/site\/wp-content\/uploads\/2023\/05\/LANG-LANG-AUDITORIO-NACIONAL-MADRID-3-JULIO-2023-1024x1024.jpg\" alt=\"\" data-id=\"4049\" data-full-url=\"http:\/\/larock.com.es\/site\/wp-content\/uploads\/2023\/05\/LANG-LANG-AUDITORIO-NACIONAL-MADRID-3-JULIO-2023.jpg\" data-link=\"http:\/\/larock.com.es\/site\/venta-de-entradas\/lang-lang-auditorio-nacional-madrid-3-julio-2023\/\" class=\"wp-image-4049\" srcset=\"http:\/\/larock.com.es\/site\/wp-content\/uploads\/2023\/05\/LANG-LANG-AUDITORIO-NACIONAL-MADRID-3-JULIO-2023-1024x1024.jpg 1024w, http:\/\/larock.com.es\/site\/wp-content\/uploads\/2023\/05\/LANG-LANG-AUDITORIO-NACIONAL-MADRID-3-JULIO-2023-300x300.jpg 300w, http:\/\/larock.com.es\/site\/wp-content\/uploads\/2023\/05\/LANG-LANG-AUDITORIO-NACIONAL-MADRID-3-JULIO-2023-150x150.jpg 150w, http:\/\/larock.com.es\/site\/wp-content\/uploads\/2023\/05\/LANG-LANG-AUDITORIO-NACIONAL-MADRID-3-JULIO-2023-768x768.jpg 768w, http:\/\/larock.com.es\/site\/wp-content\/uploads\/2023\/05\/LANG-LANG-AUDITORIO-NACIONAL-MADRID-3-JULIO-2023.jpg 1080w\" sizes=\"auto, (max-width: 1024px) 100vw, 1024px\" \/><\/figure><\/li><\/ul><\/figure>\n\n\n\n<p><\/p>\n\n\n\n<p><\/p>\n","protected":false},"excerpt":{"rendered":"<p>La gira se ha presentado ya en Hollywood Bowl junto a Los \u00c1ngeles Philharmonic y en el Royal Albert Hall de Londres con la Royal Philharmonic Orchestra y recalar\u00e1 en el Auditorio Nacional de Madrid el pr\u00f3ximo 3 de Julio. Este espect\u00e1culo The Disney Book de Lang Lang nos mostrar\u00e1 al famoso pianista interpretando los [&hellip;]<\/p>\n","protected":false},"author":2,"featured_media":4049,"comment_status":"closed","ping_status":"open","sticky":false,"template":"","format":"standard","meta":{"footnotes":""},"categories":[24,26,204,27],"tags":[225,201,203,200],"class_list":["post-3899","post","type-post","status-publish","format-standard","has-post-thumbnail","hentry","category-conciertos1","category-espectaculos","category-lang-lang","category-noticias","tag-auditorio-nacional","tag-lang-lang","tag-pianista","tag-the-disney-book"],"_links":{"self":[{"href":"http:\/\/larock.com.es\/site\/wp-json\/wp\/v2\/posts\/3899","targetHints":{"allow":["GET"]}}],"collection":[{"href":"http:\/\/larock.com.es\/site\/wp-json\/wp\/v2\/posts"}],"about":[{"href":"http:\/\/larock.com.es\/site\/wp-json\/wp\/v2\/types\/post"}],"author":[{"embeddable":true,"href":"http:\/\/larock.com.es\/site\/wp-json\/wp\/v2\/users\/2"}],"replies":[{"embeddable":true,"href":"http:\/\/larock.com.es\/site\/wp-json\/wp\/v2\/comments?post=3899"}],"version-history":[{"count":4,"href":"http:\/\/larock.com.es\/site\/wp-json\/wp\/v2\/posts\/3899\/revisions"}],"predecessor-version":[{"id":4060,"href":"http:\/\/larock.com.es\/site\/wp-json\/wp\/v2\/posts\/3899\/revisions\/4060"}],"wp:featuredmedia":[{"embeddable":true,"href":"http:\/\/larock.com.es\/site\/wp-json\/wp\/v2\/media\/4049"}],"wp:attachment":[{"href":"http:\/\/larock.com.es\/site\/wp-json\/wp\/v2\/media?parent=3899"}],"wp:term":[{"taxonomy":"category","embeddable":true,"href":"http:\/\/larock.com.es\/site\/wp-json\/wp\/v2\/categories?post=3899"},{"taxonomy":"post_tag","embeddable":true,"href":"http:\/\/larock.com.es\/site\/wp-json\/wp\/v2\/tags?post=3899"}],"curies":[{"name":"wp","href":"https:\/\/api.w.org\/{rel}","templated":true}]}}